{"id":464,"date":"2023-12-13T09:22:41","date_gmt":"2023-12-13T08:22:41","guid":{"rendered":"https:\/\/urgence-enfants-africains.org\/?p=464"},"modified":"2024-05-26T15:34:33","modified_gmt":"2024-05-26T13:34:33","slug":"sauvons-jean-placide-evacuation-sanitaire-en-guinee-pieds-bots-bilaterales-octobre-2023","status":"publish","type":"post","link":"https:\/\/urgence-enfants-africains.org\/index.php\/2023\/12\/13\/sauvons-jean-placide-evacuation-sanitaire-en-guinee-pieds-bots-bilaterales-octobre-2023\/","title":{"rendered":"SAUVONS JEAN-PLACIDE\u00a0: Evacuation sanitaire en Guin\u00e9e \u2013 Pieds bots bilat\u00e9rales (Octobre 2023)"},"content":{"rendered":"<div class=\"wp-block-image\">\n<figure class=\"aligncenter size-full is-resized\"><img loading=\"lazy\" decoding=\"async\" width=\"573\" height=\"727\" src=\"https:\/\/urgence-enfants-africains.org\/wp-content\/uploads\/2024\/04\/Jean-Placide-avant-apres.jpg\" alt=\"\" class=\"wp-image-465\" style=\"width:445px;height:auto\" srcset=\"https:\/\/urgence-enfants-africains.org\/wp-content\/uploads\/2024\/04\/Jean-Placide-avant-apres.jpg 573w, https:\/\/urgence-enfants-africains.org\/wp-content\/uploads\/2024\/04\/Jean-Placide-avant-apres-236x300.jpg 236w\" sizes=\"auto, (max-width: 573px) 100vw, 573px\" \/><\/figure>\n<\/div>\n\n\n<figure class=\"wp-block-embed is-type-video is-provider-youtube wp-block-embed-youtube wp-embed-aspect-16-9 wp-has-aspect-ratio\"><div class=\"wp-block-embed__wrapper\">\n<iframe loading=\"lazy\" title=\"S\u00e9jour sanitaire de Jean-Placide en Guin\u00e9e pour son op\u00e9ration de pieds bots\" width=\"500\" height=\"281\" src=\"https:\/\/www.youtube.com\/embed\/wZxPSUR_Xqk?feature=oembed\" frameborder=\"0\" allow=\"accelerometer; autoplay; clipboard-write; encrypted-media; gyroscope; picture-in-picture; web-share\" referrerpolicy=\"strict-origin-when-cross-origin\" allowfullscreen><\/iframe>\n<\/div><\/figure>\n\n\n\n<p><strong><a href=\"https:\/\/urgence-enfants-africains.org\/index.php\/pathologies-eligibles\/\" target=\"_blank\" rel=\"noreferrer noopener\">\u00ab&nbsp;URGENCE ENFANTS AFRICAINS&nbsp;\u00bb<\/a>&nbsp;en partenariat avec l\u2019ONG \u201c<a href=\"https:\/\/www.facebook.com\/enfantsdunoma\" target=\"_blank\" rel=\"noreferrer noopener\">Les Enfants du Noma<\/a>\u201d&nbsp;est heureuse de vous annoncer que Jean-Placide, un jeune enfant \u00e2g\u00e9 de 10 ans, de nationalit\u00e9 congolaise de Brazzaville, pr\u00e9sentant des \u00ab&nbsp;PIEDS BOT&nbsp;VARUS EQUIN \u00bb a b\u00e9n\u00e9fici\u00e9 de notre programme \u00ab&nbsp;gratuit&nbsp;\u00bb de soins m\u00e9dicaux \u00e0 l\u2019\u00e9tranger.<\/strong><\/p>\n\n\n\n<p><strong>Nom de l\u2019enfant malade<\/strong>\u00a0: Jean-Placide <\/p>\n\n\n\n<p><strong>Pays d\u2019origine<\/strong>&nbsp;: Congo-Brazzaville&nbsp;;<\/p>\n\n\n\n<p><strong>Arriv\u00e9e en Guin\u00e9e<\/strong>&nbsp;: 8 octobre 2023&nbsp;;&nbsp;<strong>Retour au Congo<\/strong>&nbsp;: 8 d\u00e9cembre 2023&nbsp;<\/p>\n\n\n<div class=\"wp-block-image\">\n<figure class=\"aligncenter\"><img loading=\"lazy\" decoding=\"async\" width=\"1024\" height=\"128\" src=\"https:\/\/urgence-enfants-africains.org\/wp-content\/uploads\/2024\/04\/image-2-1024x128.png\" alt=\"\" class=\"wp-image-455\" srcset=\"https:\/\/urgence-enfants-africains.org\/wp-content\/uploads\/2024\/04\/image-2-1024x128.png 1024w, https:\/\/urgence-enfants-africains.org\/wp-content\/uploads\/2024\/04\/image-2-300x38.png 300w, https:\/\/urgence-enfants-africains.org\/wp-content\/uploads\/2024\/04\/image-2-768x96.png 768w, https:\/\/urgence-enfants-africains.org\/wp-content\/uploads\/2024\/04\/image-2.png 1048w\" sizes=\"auto, (max-width: 1024px) 100vw, 1024px\" \/><\/figure>\n<\/div>\n\n<div class=\"wp-block-image\">\n<figure class=\"aligncenter is-resized\"><img loading=\"lazy\" decoding=\"async\" width=\"1024\" height=\"768\" src=\"https:\/\/urgence-enfants-africains.org\/wp-content\/uploads\/2024\/04\/Arrivee-de-jean-placide-et-sa-maman-a-Conakry-ce-dimanche-8-octobre-1-1024x768.jpg\" alt=\"\" class=\"wp-image-452\" style=\"width:653px;height:auto\" srcset=\"https:\/\/urgence-enfants-africains.org\/wp-content\/uploads\/2024\/04\/Arrivee-de-jean-placide-et-sa-maman-a-Conakry-ce-dimanche-8-octobre-1-1024x768.jpg 1024w, https:\/\/urgence-enfants-africains.org\/wp-content\/uploads\/2024\/04\/Arrivee-de-jean-placide-et-sa-maman-a-Conakry-ce-dimanche-8-octobre-1-300x225.jpg 300w, https:\/\/urgence-enfants-africains.org\/wp-content\/uploads\/2024\/04\/Arrivee-de-jean-placide-et-sa-maman-a-Conakry-ce-dimanche-8-octobre-1-768x576.jpg 768w, https:\/\/urgence-enfants-africains.org\/wp-content\/uploads\/2024\/04\/Arrivee-de-jean-placide-et-sa-maman-a-Conakry-ce-dimanche-8-octobre-1-1536x1152.jpg 1536w, https:\/\/urgence-enfants-africains.org\/wp-content\/uploads\/2024\/04\/Arrivee-de-jean-placide-et-sa-maman-a-Conakry-ce-dimanche-8-octobre-1-678x509.jpg 678w, https:\/\/urgence-enfants-africains.org\/wp-content\/uploads\/2024\/04\/Arrivee-de-jean-placide-et-sa-maman-a-Conakry-ce-dimanche-8-octobre-1-326x245.jpg 326w, https:\/\/urgence-enfants-africains.org\/wp-content\/uploads\/2024\/04\/Arrivee-de-jean-placide-et-sa-maman-a-Conakry-ce-dimanche-8-octobre-1-80x60.jpg 80w, https:\/\/urgence-enfants-africains.org\/wp-content\/uploads\/2024\/04\/Arrivee-de-jean-placide-et-sa-maman-a-Conakry-ce-dimanche-8-octobre-1.jpg 2048w\" sizes=\"auto, (max-width: 1024px) 100vw, 1024px\" \/><figcaption class=\"wp-element-caption\">Mingwa Biango, Jean Placide et sa maman Lisette<br>A\u00e9roport de Conakry en Guin\u00e9e (8 octobre 2023)<\/figcaption><\/figure>\n<\/div>\n\n\n<p><strong>Pathologie<\/strong>&nbsp;: Pieds bots bilat\u00e9rales complexes<\/p>\n\n\n\n<p><strong>Date et Lieu op\u00e9ration chirurgicale<\/strong>&nbsp;: 10 octobre 2023 \u00e0 la Clinique Ambroise Par\u00e9 \u00e0 Conakry-Guin\u00e9e&nbsp;<\/p>\n\n\n<div class=\"wp-block-image\">\n<figure class=\"aligncenter\"><img loading=\"lazy\" decoding=\"async\" width=\"407\" height=\"593\" src=\"https:\/\/urgence-enfants-africains.org\/wp-content\/uploads\/2024\/04\/image-5.png\" alt=\"\" class=\"wp-image-459\" srcset=\"https:\/\/urgence-enfants-africains.org\/wp-content\/uploads\/2024\/04\/image-5.png 407w, https:\/\/urgence-enfants-africains.org\/wp-content\/uploads\/2024\/04\/image-5-206x300.png 206w\" sizes=\"auto, (max-width: 407px) 100vw, 407px\" \/><\/figure>\n<\/div>\n\n\n<figure class=\"wp-block-image\"><img loading=\"lazy\" decoding=\"async\" width=\"741\" height=\"502\" src=\"https:\/\/urgence-enfants-africains.org\/wp-content\/uploads\/2024\/04\/image-6.png\" alt=\"\" class=\"wp-image-460\" srcset=\"https:\/\/urgence-enfants-africains.org\/wp-content\/uploads\/2024\/04\/image-6.png 741w, https:\/\/urgence-enfants-africains.org\/wp-content\/uploads\/2024\/04\/image-6-300x203.png 300w\" sizes=\"auto, (max-width: 741px) 100vw, 741px\" \/><\/figure>\n\n\n\n<p><strong>Chirurgien&nbsp;<\/strong>: Pr Bruno Dohin (Chef de service Chirurgie orthop\u00e9dique p\u00e9diatrique \u2013 CHU de Saint-\u00c9tienne)&nbsp;<\/p>\n\n\n<div class=\"wp-block-image\">\n<figure class=\"aligncenter\"><img loading=\"lazy\" decoding=\"async\" width=\"356\" height=\"303\" src=\"https:\/\/urgence-enfants-africains.org\/wp-content\/uploads\/2024\/04\/image-7.png\" alt=\"\" class=\"wp-image-461\" srcset=\"https:\/\/urgence-enfants-africains.org\/wp-content\/uploads\/2024\/04\/image-7.png 356w, https:\/\/urgence-enfants-africains.org\/wp-content\/uploads\/2024\/04\/image-7-300x255.png 300w\" sizes=\"auto, (max-width: 356px) 100vw, 356px\" \/><\/figure>\n<\/div>\n\n\n<p><strong>Co\u00fbt financier et Prise en charge chirurgicale<\/strong>&nbsp;: Les Enfants Du Noma<\/p>\n\n\n\n<p><strong>Financement s\u00e9jour<\/strong>&nbsp;: Urgence Enfants Africains<\/p>\n\n\n\n<p><strong>R\u00e9sultat m\u00e9dical&nbsp;<\/strong>: Chirurgie r\u00e9alis\u00e9e avec succ\u00e8s<\/p>\n\n\n\n<p>L\u2019op\u00e9ration chirurgicale de J-P Bitsindou a \u00e9t\u00e9 r\u00e9alis\u00e9e par l\u2019ONG \u00ab&nbsp;<strong>Les Enfants Du Noma<\/strong>&nbsp;\u00bb avec un financement de la&nbsp;<strong>Fondation Jida Khazaa<\/strong>l , partenaire de notre ONG \u00ab&nbsp;<strong>Urgence Enfants Africains<\/strong><\/p>\n\n\n\n<figure class=\"wp-block-image\"><img loading=\"lazy\" decoding=\"async\" width=\"991\" height=\"408\" src=\"https:\/\/urgence-enfants-africains.org\/wp-content\/uploads\/2024\/04\/image-4.png\" alt=\"\" class=\"wp-image-457\" srcset=\"https:\/\/urgence-enfants-africains.org\/wp-content\/uploads\/2024\/04\/image-4.png 991w, https:\/\/urgence-enfants-africains.org\/wp-content\/uploads\/2024\/04\/image-4-300x124.png 300w, https:\/\/urgence-enfants-africains.org\/wp-content\/uploads\/2024\/04\/image-4-768x316.png 768w\" sizes=\"auto, (max-width: 991px) 100vw, 991px\" \/><\/figure>\n\n\n\n<p><strong><em>SAUVER UN ENFANT, C\u2019EST SAUVER LE MONDE<\/em><\/strong><\/p>\n\n\n\n<p><strong>Mingwa BIANGO<\/strong><\/p>\n\n\n\n<p>Pr\u00e9sident Ex\u00e9cutif&nbsp;\u00bb Urgence Enfants Africains&nbsp;\u00bb<\/p>\n\n\n\n<p>T\u00e9l\u00e9phone\u00a0: +336 10 82 26 26<\/p>\n\n\n\n<p><strong><a href=\"https:\/\/urgence-enfants-africains.org\/index.php\/organigramme\/\" target=\"_blank\" rel=\"noreferrer noopener\">CONSEIL D\u2019ADMINISTRATION<\/a><\/strong><\/p>\n\n\n\n<p>Pr\u00e9sident d\u2019Honneur&nbsp;: Camille Miansoni<\/p>\n\n\n\n<p>Pr\u00e9sident Ex\u00e9cutif&nbsp;: Mingwa Biango<\/p>\n\n\n\n<p>Vice-pr\u00e9sident&nbsp;: Dr Patrice Serge Ganga-Zandzou<\/p>\n\n\n\n<p>Tr\u00e9sorier&nbsp;: Geoffroy Justin Balonga<\/p>\n\n\n\n<p>Secr\u00e9taire&nbsp;: Prosper Mouanda-Moussoki<\/p>\n\n\n\n<p>Membre d\u2019honneur&nbsp;: Dr Michel Mpandi<\/p>\n","protected":false},"excerpt":{"rendered":"<div class=\"mh-excerpt\"><p>\u00ab&nbsp;URGENCE ENFANTS AFRICAINS&nbsp;\u00bb&nbsp;en partenariat avec l\u2019ONG \u201cLes Enfants du Noma\u201d&nbsp;est heureuse de vous annoncer que Jean-Placide, un jeune enfant \u00e2g\u00e9 de 10 ans, de nationalit\u00e9 <a class=\"mh-excerpt-more\" href=\"https:\/\/urgence-enfants-africains.org\/index.php\/2023\/12\/13\/sauvons-jean-placide-evacuation-sanitaire-en-guinee-pieds-bots-bilaterales-octobre-2023\/\" title=\"SAUVONS JEAN-PLACIDE\u00a0: Evacuation sanitaire en Guin\u00e9e \u2013 Pieds bots bilat\u00e9rales (Octobre 2023)\">[&#8230;]<\/a><\/p>\n<\/div>","protected":false},"author":1,"featured_media":465,"comment_status":"closed","ping_status":"closed","sticky":false,"template":"","format":"standard","meta":{"footnotes":""},"categories":[4],"tags":[],"class_list":["post-464","post","type-post","status-publish","format-standard","has-post-thumbnail","hentry","category-article"],"_links":{"self":[{"href":"https:\/\/urgence-enfants-africains.org\/index.php\/wp-json\/wp\/v2\/posts\/464","targetHints":{"allow":["GET"]}}],"collection":[{"href":"https:\/\/urgence-enfants-africains.org\/index.php\/wp-json\/wp\/v2\/posts"}],"about":[{"href":"https:\/\/urgence-enfants-africains.org\/index.php\/wp-json\/wp\/v2\/types\/post"}],"author":[{"embeddable":true,"href":"https:\/\/urgence-enfants-africains.org\/index.php\/wp-json\/wp\/v2\/users\/1"}],"replies":[{"embeddable":true,"href":"https:\/\/urgence-enfants-africains.org\/index.php\/wp-json\/wp\/v2\/comments?post=464"}],"version-history":[{"count":4,"href":"https:\/\/urgence-enfants-africains.org\/index.php\/wp-json\/wp\/v2\/posts\/464\/revisions"}],"predecessor-version":[{"id":506,"href":"https:\/\/urgence-enfants-africains.org\/index.php\/wp-json\/wp\/v2\/posts\/464\/revisions\/506"}],"wp:featuredmedia":[{"embeddable":true,"href":"https:\/\/urgence-enfants-africains.org\/index.php\/wp-json\/wp\/v2\/media\/465"}],"wp:attachment":[{"href":"https:\/\/urgence-enfants-africains.org\/index.php\/wp-json\/wp\/v2\/media?parent=464"}],"wp:term":[{"taxonomy":"category","embeddable":true,"href":"https:\/\/urgence-enfants-africains.org\/index.php\/wp-json\/wp\/v2\/categories?post=464"},{"taxonomy":"post_tag","embeddable":true,"href":"https:\/\/urgence-enfants-africains.org\/index.php\/wp-json\/wp\/v2\/tags?post=464"}],"curies":[{"name":"wp","href":"https:\/\/api.w.org\/{rel}","templated":true}]}}